{"id":4148,"date":"2025-11-24T16:45:39","date_gmt":"2025-11-24T19:45:39","guid":{"rendered":"https:\/\/revistabahianow.com.br\/?p=4148"},"modified":"2025-11-24T16:45:39","modified_gmt":"2025-11-24T19:45:39","slug":"bomba-presidente-da-camara-rompe-com-lider-do-pt-e-agrava-tensao-com-o-governo-lula","status":"publish","type":"post","link":"https:\/\/revistabahianow.com.br\/?p=4148","title":{"rendered":"BOMBA: Presidente da C\u00e2mara rompe com l\u00edder do PT e agrava tens\u00e3o com o governo Lula"},"content":{"rendered":"<p>O presidente da C\u00e2mara dos Deputados, Hugo Motta (Republicanos-PB), afirmou \u00e0 Folha que rompeu com o l\u00edder do PT na Casa, Lindbergh Farias (RJ). &#8220;N\u00e3o tenho mais interesse em ter nenhum tipo de rela\u00e7\u00e3o com o deputado Lindbergh Farias&#8221;, declarou, confirmando o aumento do desgaste na j\u00e1 inst\u00e1vel rela\u00e7\u00e3o do Governo Lula (PT) com o Congresso Nacional.<\/p>\n<p>O tensionamento entre os dois pol\u00edticos acentua os atritos num momento em que o Pal\u00e1cio do Planalto enfrenta ru\u00eddos tamb\u00e9m com o Senado. De acordo com l\u00edderes da Casa pr\u00f3ximos a Motta, a rela\u00e7\u00e3o entre os dois, agora, ser\u00e1 meramente institucional.<\/p>\n<p>Nos \u00faltimos meses, o grupo de Motta se queixava da atua\u00e7\u00e3o de Lindbergh, acusando-o de se exaltar nas discuss\u00f5es e buscar desgastar a imagem da C\u00e2mara junto \u00e0 opini\u00e3o p\u00fablica. A c\u00fapula da Casa critica o comportamento do deputado nas reuni\u00f5es semanais, afirmando que ele atua como se fosse l\u00edder do governo, quando deveria responder apenas pela bancada do PT. O petista \u00e9 um dos parlamentares mais atuantes na defesa do Executivo e de suas pautas, utilizando redes sociais e a tribuna para a disputa pol\u00edtica.<\/p>\n<p>O desgaste na rela\u00e7\u00e3o foi acentuado pela discuss\u00e3o do projeto de lei antifac\u00e7\u00e3o, aprovado na C\u00e2mara na semana passada. Integrantes da c\u00fapula da Casa queixam-se, sob reserva, da atua\u00e7\u00e3o do governo e de seus ministros na tramita\u00e7\u00e3o da mat\u00e9ria, acusando-os de incentivar ataques ao Legislativo e disseminar &#8220;narrativas&#8221; sobre o conte\u00fado do texto.<\/p>\n<p>A contrariedade do Planalto aumentou ap\u00f3s Motta escolher como relator o deputado Guilherme Derrite (PP-SP), secret\u00e1rio de seguran\u00e7a de Tarc\u00edsio de Freitas, potencial advers\u00e1rio de Lula em 2026. O relator promoveu mudan\u00e7as no texto criticadas pelo governo federal, que orientou o voto contra a proposta e acabou derrotado.<\/p>\n<p>Um cardeal do Centr\u00e3o, bloco majorit\u00e1rio, diz que o clima entre os parlamentares e o Planalto \u00e9 &#8220;muito ruim&#8221;, citando acordos n\u00e3o cumpridos do Executivo, seja na redistribui\u00e7\u00e3o de cargos, na baixa execu\u00e7\u00e3o or\u00e7ament\u00e1ria ou em rela\u00e7\u00e3o \u00e0s mat\u00e9rias em discuss\u00e3o na Casa. Aliados de Motta negam um rompimento com Gleisi Hoffmann (Secretaria de Rela\u00e7\u00f5es Institucionais), mas confirmam que a rela\u00e7\u00e3o do presidente da C\u00e2mara com a ministra tamb\u00e9m foi abalada. O l\u00edder do governo na C\u00e2mara, Jos\u00e9 Guimar\u00e3es (PT-CE), \u00e9 apontado como um nome que atua para distensionar essa rela\u00e7\u00e3o.<\/p>\n<p>Esse novo atrito na C\u00e2mara, Casa que j\u00e1 derrubou decretos e impediu o avan\u00e7o de MPs do governo, ocorre em um momento de ru\u00eddo tamb\u00e9m na rela\u00e7\u00e3o do governo com o Senado. A indica\u00e7\u00e3o de Jorge Messias para uma vaga no STF (Supremo Tribunal Federal) gerou forte contrariedade na c\u00fapula da Casa. O presidente do Senado, Davi Alcolumbre (Uni\u00e3o Brasil-AP), pautou uma &#8220;pauta-bomba&#8221; horas ap\u00f3s o an\u00fancio e afirmou a interlocutores que trabalhar\u00e1 contra a indica\u00e7\u00e3o do atual chefe da AGU.<\/p>\n<p>&nbsp;<\/p>\n","protected":false},"excerpt":{"rendered":"<p>O presidente da C\u00e2mara dos Deputados, Hugo Motta (Republicanos-PB), afirmou \u00e0 Folha que rompeu com o l\u00edder do PT na Casa, Lindbergh Farias (RJ). &#8220;N\u00e3o tenho mais interesse em ter nenhum tipo de rela\u00e7\u00e3o com o deputado Lindbergh Farias&#8221;, declarou, confirmando o aumento do desgaste na j\u00e1 inst\u00e1vel rela\u00e7\u00e3o do Governo Lula (PT) com o [&hellip;]<\/p>\n","protected":false},"author":2,"featured_media":4150,"comment_status":"open","ping_status":"open","sticky":false,"template":"","format":"standard","meta":{"footnotes":""},"categories":[13,20],"tags":[],"_links":{"self":[{"href":"https:\/\/revistabahianow.com.br\/index.php?rest_route=\/wp\/v2\/posts\/4148"}],"collection":[{"href":"https:\/\/revistabahianow.com.br\/index.php?rest_route=\/wp\/v2\/posts"}],"about":[{"href":"https:\/\/revistabahianow.com.br\/index.php?rest_route=\/wp\/v2\/types\/post"}],"author":[{"embeddable":true,"href":"https:\/\/revistabahianow.com.br\/index.php?rest_route=\/wp\/v2\/users\/2"}],"replies":[{"embeddable":true,"href":"https:\/\/revistabahianow.com.br\/index.php?rest_route=%2Fwp%2Fv2%2Fcomments&post=4148"}],"version-history":[{"count":1,"href":"https:\/\/revistabahianow.com.br\/index.php?rest_route=\/wp\/v2\/posts\/4148\/revisions"}],"predecessor-version":[{"id":4151,"href":"https:\/\/revistabahianow.com.br\/index.php?rest_route=\/wp\/v2\/posts\/4148\/revisions\/4151"}],"wp:featuredmedia":[{"embeddable":true,"href":"https:\/\/revistabahianow.com.br\/index.php?rest_route=\/wp\/v2\/media\/4150"}],"wp:attachment":[{"href":"https:\/\/revistabahianow.com.br\/index.php?rest_route=%2Fwp%2Fv2%2Fmedia&parent=4148"}],"wp:term":[{"taxonomy":"category","embeddable":true,"href":"https:\/\/revistabahianow.com.br\/index.php?rest_route=%2Fwp%2Fv2%2Fcategories&post=4148"},{"taxonomy":"post_tag","embeddable":true,"href":"https:\/\/revistabahianow.com.br\/index.php?rest_route=%2Fwp%2Fv2%2Ftags&post=4148"}],"curies":[{"name":"wp","href":"https:\/\/api.w.org\/{rel}","templated":true}]}}