{"id":4115,"date":"2025-07-20T12:02:34","date_gmt":"2025-07-20T15:02:34","guid":{"rendered":"https:\/\/revistabahianow.com.br\/?p=4115"},"modified":"2025-07-20T12:02:34","modified_gmt":"2025-07-20T15:02:34","slug":"exclusivo-caminhoneiros-ja-comecam-a-parar-em-algumas-regioes-brasileiras","status":"publish","type":"post","link":"https:\/\/revistabahianow.com.br\/?p=4115","title":{"rendered":"EXCLUSIVO: Caminhoneiros j\u00e1 come\u00e7am a parar em algumas regi\u00f5es brasileiras"},"content":{"rendered":"<p>Recebemos nesse momento informa\u00e7\u00f5es de uma fonte, que em algumas regi\u00f5es brasileiras os caminhoneiros j\u00e1 come\u00e7aram a parar de rodar.<\/p>\n<p>Segundo essa mesma fonte, estados como Santa Catarina, Paran\u00e1, S\u00e3o Paulo, Cear\u00e1, Goi\u00e1s e Mato Grosso j\u00e1 iniciou a paralisa\u00e7\u00e3o com alguns pontos. Os caminhoneiros pretendem engrossar esse movimento j\u00e1 na primeira semana de agosto com uma paralisa\u00e7\u00e3o nacional em todas estradas brasileiras.<\/p>\n<p>\u201dPedimos aos brasileiros que fa\u00e7am suas compras e estoquem as mercadorias, pois iremos paralisar as rodovias, n\u00f3s caminhoneiros n\u00e3o iremos aceitar os rumos que est\u00e3o levando nosso pa\u00eds ao abismo\u201d, afirmou essa fonte que pediu anonimato.<\/p>\n<p>&nbsp;<\/p>\n","protected":false},"excerpt":{"rendered":"<p>Recebemos nesse momento informa\u00e7\u00f5es de uma fonte, que em algumas regi\u00f5es brasileiras os caminhoneiros j\u00e1 come\u00e7aram a parar de rodar. Segundo essa mesma fonte, estados como Santa Catarina, Paran\u00e1, S\u00e3o Paulo, Cear\u00e1, Goi\u00e1s e Mato Grosso j\u00e1 iniciou a paralisa\u00e7\u00e3o com alguns pontos. Os caminhoneiros pretendem engrossar esse movimento j\u00e1 na primeira semana de agosto [&hellip;]<\/p>\n","protected":false},"author":2,"featured_media":4116,"comment_status":"open","ping_status":"open","sticky":false,"template":"","format":"standard","meta":{"footnotes":""},"categories":[14,13,20],"tags":[],"_links":{"self":[{"href":"https:\/\/revistabahianow.com.br\/index.php?rest_route=\/wp\/v2\/posts\/4115"}],"collection":[{"href":"https:\/\/revistabahianow.com.br\/index.php?rest_route=\/wp\/v2\/posts"}],"about":[{"href":"https:\/\/revistabahianow.com.br\/index.php?rest_route=\/wp\/v2\/types\/post"}],"author":[{"embeddable":true,"href":"https:\/\/revistabahianow.com.br\/index.php?rest_route=\/wp\/v2\/users\/2"}],"replies":[{"embeddable":true,"href":"https:\/\/revistabahianow.com.br\/index.php?rest_route=%2Fwp%2Fv2%2Fcomments&post=4115"}],"version-history":[{"count":1,"href":"https:\/\/revistabahianow.com.br\/index.php?rest_route=\/wp\/v2\/posts\/4115\/revisions"}],"predecessor-version":[{"id":4117,"href":"https:\/\/revistabahianow.com.br\/index.php?rest_route=\/wp\/v2\/posts\/4115\/revisions\/4117"}],"wp:featuredmedia":[{"embeddable":true,"href":"https:\/\/revistabahianow.com.br\/index.php?rest_route=\/wp\/v2\/media\/4116"}],"wp:attachment":[{"href":"https:\/\/revistabahianow.com.br\/index.php?rest_route=%2Fwp%2Fv2%2Fmedia&parent=4115"}],"wp:term":[{"taxonomy":"category","embeddable":true,"href":"https:\/\/revistabahianow.com.br\/index.php?rest_route=%2Fwp%2Fv2%2Fcategories&post=4115"},{"taxonomy":"post_tag","embeddable":true,"href":"https:\/\/revistabahianow.com.br\/index.php?rest_route=%2Fwp%2Fv2%2Ftags&post=4115"}],"curies":[{"name":"wp","href":"https:\/\/api.w.org\/{rel}","templated":true}]}}