{"id":4079,"date":"2025-05-22T07:53:53","date_gmt":"2025-05-22T10:53:53","guid":{"rendered":"https:\/\/revistabahianow.com.br\/?p=4079"},"modified":"2025-05-22T07:55:47","modified_gmt":"2025-05-22T10:55:47","slug":"exclusivo-saiba-qual-a-provavel-chapa-de-acm-neto-para-2026","status":"publish","type":"post","link":"https:\/\/revistabahianow.com.br\/?p=4079","title":{"rendered":"EXCLUSIVO: Saiba qual a prov\u00e1vel chapa de ACM NETO para 2026"},"content":{"rendered":"<p>As especula\u00e7\u00f5es s\u00e3o muitas em torno das elei\u00e7\u00f5es do pr\u00f3ximo ano; por\u00e9m nossa equipe de jornalismo conseguiu uma informa\u00e7\u00e3o atrav\u00e9s de uma fonte ligada diretamente ao ex prefeito da capital baiana, Acm Neto e o ex deputado federal, Jo\u00e3o Roma, sobre a prov\u00e1vel chapa para disputar as elei\u00e7\u00f5es no pr\u00f3ximo ano.<\/p>\n<p>Essa fonte, nos revelou que a composi\u00e7\u00e3o alinhada entre ambos atualmente \u00e9: Acm Neto disputar o cargo de Governador, Dr\u00aa Raissa Soares o cargo de Vice governadora e para as vagas de Senado Jo\u00e3o Roma e a outra vaga de senado, \u00c2ngelo Coronel, caso ele venha para a oposi\u00e7\u00e3o. Se a vinda de Coronel n\u00e3o se concretizar, a vaga ser\u00e1 destinada a Marcelo Nilo.<\/p>\n<p>Vamos aguardar as cenas dos pr\u00f3ximos cap\u00edtulos.<\/p>\n","protected":false},"excerpt":{"rendered":"<p>As especula\u00e7\u00f5es s\u00e3o muitas em torno das elei\u00e7\u00f5es do pr\u00f3ximo ano; por\u00e9m nossa equipe de jornalismo conseguiu uma informa\u00e7\u00e3o atrav\u00e9s de uma fonte ligada diretamente ao ex prefeito da capital baiana, Acm Neto e o ex deputado federal, Jo\u00e3o Roma, sobre a prov\u00e1vel chapa para disputar as elei\u00e7\u00f5es no pr\u00f3ximo ano. Essa fonte, nos revelou [&hellip;]<\/p>\n","protected":false},"author":2,"featured_media":4080,"comment_status":"open","ping_status":"open","sticky":false,"template":"","format":"standard","meta":{"footnotes":""},"categories":[14,13,20],"tags":[],"_links":{"self":[{"href":"https:\/\/revistabahianow.com.br\/index.php?rest_route=\/wp\/v2\/posts\/4079"}],"collection":[{"href":"https:\/\/revistabahianow.com.br\/index.php?rest_route=\/wp\/v2\/posts"}],"about":[{"href":"https:\/\/revistabahianow.com.br\/index.php?rest_route=\/wp\/v2\/types\/post"}],"author":[{"embeddable":true,"href":"https:\/\/revistabahianow.com.br\/index.php?rest_route=\/wp\/v2\/users\/2"}],"replies":[{"embeddable":true,"href":"https:\/\/revistabahianow.com.br\/index.php?rest_route=%2Fwp%2Fv2%2Fcomments&post=4079"}],"version-history":[{"count":2,"href":"https:\/\/revistabahianow.com.br\/index.php?rest_route=\/wp\/v2\/posts\/4079\/revisions"}],"predecessor-version":[{"id":4082,"href":"https:\/\/revistabahianow.com.br\/index.php?rest_route=\/wp\/v2\/posts\/4079\/revisions\/4082"}],"wp:featuredmedia":[{"embeddable":true,"href":"https:\/\/revistabahianow.com.br\/index.php?rest_route=\/wp\/v2\/media\/4080"}],"wp:attachment":[{"href":"https:\/\/revistabahianow.com.br\/index.php?rest_route=%2Fwp%2Fv2%2Fmedia&parent=4079"}],"wp:term":[{"taxonomy":"category","embeddable":true,"href":"https:\/\/revistabahianow.com.br\/index.php?rest_route=%2Fwp%2Fv2%2Fcategories&post=4079"},{"taxonomy":"post_tag","embeddable":true,"href":"https:\/\/revistabahianow.com.br\/index.php?rest_route=%2Fwp%2Fv2%2Ftags&post=4079"}],"curies":[{"name":"wp","href":"https:\/\/api.w.org\/{rel}","templated":true}]}}