{"id":4048,"date":"2025-04-21T06:03:02","date_gmt":"2025-04-21T09:03:02","guid":{"rendered":"https:\/\/revistabahianow.com.br\/?p=4048"},"modified":"2025-04-21T06:03:02","modified_gmt":"2025-04-21T09:03:02","slug":"morre-o-papa-francisco","status":"publish","type":"post","link":"https:\/\/revistabahianow.com.br\/?p=4048","title":{"rendered":"Morre o Papa Francisco"},"content":{"rendered":"<p>O Papa Francisco morreu na madrugada desta segunda-feira (21), aos 88 anos. A informa\u00e7\u00e3o foi confirmada pelo Vaticano por volta das 2h35 do hor\u00e1rio de Bras\u00edlia (07h35 do hor\u00e1rio local). Nos \u00faltimos meses, ele estava internado por diversas semana no hospital Policl\u00ednico Agostino Gemelli, em Roma, por decorr\u00eancia de uma bronquite.<\/p>\n","protected":false},"excerpt":{"rendered":"<p>O Papa Francisco morreu na madrugada desta segunda-feira (21), aos 88 anos. A informa\u00e7\u00e3o foi confirmada pelo Vaticano por volta das 2h35 do hor\u00e1rio de Bras\u00edlia (07h35 do hor\u00e1rio local). Nos \u00faltimos meses, ele estava internado por diversas semana no hospital Policl\u00ednico Agostino Gemelli, em Roma, por decorr\u00eancia de uma bronquite.<\/p>\n","protected":false},"author":2,"featured_media":4049,"comment_status":"open","ping_status":"open","sticky":false,"template":"","format":"standard","meta":{"footnotes":""},"categories":[14,13],"tags":[],"_links":{"self":[{"href":"https:\/\/revistabahianow.com.br\/index.php?rest_route=\/wp\/v2\/posts\/4048"}],"collection":[{"href":"https:\/\/revistabahianow.com.br\/index.php?rest_route=\/wp\/v2\/posts"}],"about":[{"href":"https:\/\/revistabahianow.com.br\/index.php?rest_route=\/wp\/v2\/types\/post"}],"author":[{"embeddable":true,"href":"https:\/\/revistabahianow.com.br\/index.php?rest_route=\/wp\/v2\/users\/2"}],"replies":[{"embeddable":true,"href":"https:\/\/revistabahianow.com.br\/index.php?rest_route=%2Fwp%2Fv2%2Fcomments&post=4048"}],"version-history":[{"count":1,"href":"https:\/\/revistabahianow.com.br\/index.php?rest_route=\/wp\/v2\/posts\/4048\/revisions"}],"predecessor-version":[{"id":4050,"href":"https:\/\/revistabahianow.com.br\/index.php?rest_route=\/wp\/v2\/posts\/4048\/revisions\/4050"}],"wp:featuredmedia":[{"embeddable":true,"href":"https:\/\/revistabahianow.com.br\/index.php?rest_route=\/wp\/v2\/media\/4049"}],"wp:attachment":[{"href":"https:\/\/revistabahianow.com.br\/index.php?rest_route=%2Fwp%2Fv2%2Fmedia&parent=4048"}],"wp:term":[{"taxonomy":"category","embeddable":true,"href":"https:\/\/revistabahianow.com.br\/index.php?rest_route=%2Fwp%2Fv2%2Fcategories&post=4048"},{"taxonomy":"post_tag","embeddable":true,"href":"https:\/\/revistabahianow.com.br\/index.php?rest_route=%2Fwp%2Fv2%2Ftags&post=4048"}],"curies":[{"name":"wp","href":"https:\/\/api.w.org\/{rel}","templated":true}]}}