{"id":4044,"date":"2025-04-13T06:40:46","date_gmt":"2025-04-13T09:40:46","guid":{"rendered":"https:\/\/revistabahianow.com.br\/?p=4044"},"modified":"2025-04-13T06:40:46","modified_gmt":"2025-04-13T09:40:46","slug":"desvio-de-funcao-pode-ser-considerado-crime","status":"publish","type":"post","link":"https:\/\/revistabahianow.com.br\/?p=4044","title":{"rendered":"Desvio de fun\u00e7\u00e3o pode ser considerado crime?"},"content":{"rendered":"<p>Atualmente vemos in\u00fameros contratantes \u201cfor\u00e7arem\u201d seus funcion\u00e1rios a exercerem atividades diversas das que foram contratados; e a pergunta que paira no ar \u00e9: \u201cO desvio de fun\u00e7\u00e3o pode ser considerado crime?\u201d<\/p>\n<p>Nao, o desvio de fun\u00e7\u00e3o n\u00e3o \u00e9 um crime no sentido penal, por\u00e9m \u00e9 considerado uma infra\u00e7\u00e3o trabalhista grave.<\/p>\n<div class=\"WaaZC\">\n<div class=\"rPeykc uP58nb\" data-hveid=\"CBoQAQ\" data-ved=\"2ahUKEwivsdTz2NSMAxWYD7kGHbx1O_MQo_EKegQIGhAB\" data-ecei=\"tYP7Z--CEpif5OUPvOvtmQ8\"><span role=\"heading\" aria-level=\"2\">O que \u00e9 desvio de fun\u00e7\u00e3o?<\/span><\/div>\n<\/div>\n<div class=\"WaaZC\">\n<ul data-hveid=\"CDYQAQ\" data-ved=\"2ahUKEwivsdTz2NSMAxWYD7kGHbx1O_MQm_YKegQINhAB\" data-ecei=\"tYP7Z--CEpif5OUPvOvtmQ8\">\n<li style=\"list-style-type: none;\">\n<ul data-hveid=\"CDYQAQ\" data-ved=\"2ahUKEwivsdTz2NSMAxWYD7kGHbx1O_MQm_YKegQINhAB\" data-ecei=\"tYP7Z--CEpif5OUPvOvtmQ8\">\n<li>Desvio de fun\u00e7\u00e3o \u00e9 quando um trabalhador \u00e9 contratado para uma fun\u00e7\u00e3o e acaba exercendo outra.<span class=\"pjBG2e\" data-cid=\"40df9817-b113-4e6a-ad28-c24e30438c95\"><span class=\"UV3uM\">\u00a0<\/span><\/span>\n<div class=\"NPrrbc\" data-cid=\"40df9817-b113-4e6a-ad28-c24e30438c95\">\n<div class=\"BMebGe btku5b fCrZyc LwdV0e FR7ZSc OJeuxf\" tabindex=\"0\" role=\"button\" aria-label=\"Mostrar links relacionados\" data-hveid=\"CDIQAQ\" data-ved=\"2ahUKEwivsdTz2NSMAxWYD7kGHbx1O_MQ3fYKegQIMhAB\" data-ecei=\"tYP7Z--CEpif5OUPvOvtmQ8\">\n<div class=\"niO4u\">\n<div class=\"kHtcsd\"><\/div>\n<\/div>\n<\/div>\n<\/div>\n<\/li>\n<li>\u00c9 uma pr\u00e1tica ilegal que viola a CLT e os princ\u00edpios que regem as rela\u00e7\u00f5es de trabalho.<span class=\"pjBG2e\" data-cid=\"98a80ca0-0cff-44a3-8c0f-b60055bf8269\"><span class=\"UV3uM\">\u00a0<\/span><\/span>\n<div class=\"NPrrbc\" data-cid=\"98a80ca0-0cff-44a3-8c0f-b60055bf8269\">\n<div class=\"BMebGe btku5b fCrZyc LwdV0e FR7ZSc OJeuxf\" tabindex=\"0\" role=\"button\" aria-label=\"Mostrar links relacionados\" data-hveid=\"CDMQAQ\" data-ved=\"2ahUKEwivsdTz2NSMAxWYD7kGHbx1O_MQ3fYKegQIMxAB\" data-ecei=\"tYP7Z--CEpif5OUPvOvtmQ8\">\n<div class=\"niO4u\">\n<div class=\"kHtcsd\"><\/div>\n<\/div>\n<\/div>\n<\/div>\n<\/li>\n<\/ul>\n<\/li>\n<\/ul>\n<div id=\"tYP7Z--CEpif5OUPvOvtmQ8__57\" class=\"bsmXxe\">\n<ul>\n<li>Pode ocorrer no servi\u00e7o p\u00fablico, no setor privado, e em regimes de emprego diretos, indiretos e terceirizados.<span class=\"pjBG2e\" data-cid=\"1a7b0598-768a-454f-b471-3ea2efc23c24\"><span class=\"UV3uM\">\u00a0<\/span><\/span>\n<div class=\"NPrrbc\" data-cid=\"1a7b0598-768a-454f-b471-3ea2efc23c24\">\n<div class=\"BMebGe btku5b fCrZyc LwdV0e FR7ZSc OJeuxf\" tabindex=\"0\" role=\"button\" aria-label=\"Mostrar links relacionados\" data-hveid=\"CLoBEAE\" data-ved=\"2ahUKEwivsdTz2NSMAxWYD7kGHbx1O_MQ3fYKegUIugEQAQ\" data-ecei=\"tYP7Z--CEpif5OUPvOvtmQ8\">\n<div class=\"niO4u\">\n<div class=\"kHtcsd\"><\/div>\n<\/div>\n<\/div>\n<\/div>\n<\/li>\n<\/ul>\n<\/div>\n<\/div>\n<div class=\"WaaZC\">\n<div id=\"tYP7Z--CEpif5OUPvOvtmQ8__46\" class=\"bsmXxe\">\n<div class=\"rPeykc uP58nb\" data-hveid=\"CLIBEAE\" data-ved=\"2ahUKEwivsdTz2NSMAxWYD7kGHbx1O_MQo_EKegUIsgEQAQ\" data-ecei=\"tYP7Z--CEpif5OUPvOvtmQ8\"><span role=\"heading\" aria-level=\"2\">Consequ\u00eancias do desvio de fun\u00e7\u00e3o<\/span><\/div>\n<\/div>\n<\/div>\n<div class=\"WaaZC\">\n<div id=\"tYP7Z--CEpif5OUPvOvtmQ8__56\" class=\"bsmXxe\">\n<div id=\"tYP7Z--CEpif5OUPvOvtmQ8__59\" class=\"bsmXxe\">\n<ul>\n<li>A empresa pode ser obrigada a pagar diferen\u00e7as salariais, reflexos em f\u00e9rias, 13\u00ba sal\u00e1rio, FGTS e outras verbas.<span class=\"pjBG2e\" data-cid=\"0a989b6c-2952-4795-8ad2-cd99b160b027\"><span class=\"UV3uM\">\u00a0<\/span><\/span>\n<div class=\"NPrrbc\" data-cid=\"0a989b6c-2952-4795-8ad2-cd99b160b027\">\n<div class=\"BMebGe btku5b fCrZyc LwdV0e FR7ZSc OJeuxf\" tabindex=\"0\" role=\"button\" aria-label=\"Mostrar links relacionados\" data-hveid=\"CPMBEAE\" data-ved=\"2ahUKEwivsdTz2NSMAxWYD7kGHbx1O_MQ3fYKegUI8wEQAQ\" data-ecei=\"tYP7Z--CEpif5OUPvOvtmQ8\">\n<div class=\"niO4u\">\n<div class=\"kHtcsd\"><\/div>\n<\/div>\n<\/div>\n<\/div>\n<\/li>\n<\/ul>\n<\/div>\n<div id=\"tYP7Z--CEpif5OUPvOvtmQ8__63\" class=\"bsmXxe\">\n<ul>\n<li>Em casos mais graves, a empresa pode ser obrigada a indenizar por danos morais.<span class=\"pjBG2e\" data-cid=\"416e9b50-d1e5-40ce-9b96-ef53491ae85b\"><span class=\"UV3uM\">\u00a0<\/span><\/span>\n<div class=\"NPrrbc\" data-cid=\"416e9b50-d1e5-40ce-9b96-ef53491ae85b\">\n<div class=\"BMebGe btku5b fCrZyc LwdV0e FR7ZSc OJeuxf\" tabindex=\"0\" role=\"button\" aria-label=\"Mostrar links relacionados\" data-hveid=\"CPQBEAE\" data-ved=\"2ahUKEwivsdTz2NSMAxWYD7kGHbx1O_MQ3fYKegUI9AEQAQ\" data-ecei=\"tYP7Z--CEpif5OUPvOvtmQ8\">\n<div class=\"niO4u\">\n<div class=\"kHtcsd\"><\/div>\n<\/div>\n<\/div>\n<\/div>\n<\/li>\n<\/ul>\n<\/div>\n<div id=\"tYP7Z--CEpif5OUPvOvtmQ8__66\" class=\"bsmXxe\">\n<ul>\n<li>O trabalhador pode ter direito a um reajuste salarial retroativo, al\u00e9m de benef\u00edcios proporcionais.<span class=\"pjBG2e\" data-cid=\"25aacb3e-ff36-4a53-b111-7e951b8b1bad\"><span class=\"UV3uM\">\u00a0<\/span><\/span>\n<div class=\"NPrrbc\" data-cid=\"25aacb3e-ff36-4a53-b111-7e951b8b1bad\">\n<div class=\"BMebGe btku5b fCrZyc LwdV0e FR7ZSc OJeuxf\" tabindex=\"0\" role=\"button\" aria-label=\"Mostrar links relacionados\" data-hveid=\"CPUBEAE\" data-ved=\"2ahUKEwivsdTz2NSMAxWYD7kGHbx1O_MQ3fYKegUI9QEQAQ\" data-ecei=\"tYP7Z--CEpif5OUPvOvtmQ8\">\n<div class=\"niO4u\">\n<div><\/div>\n<div class=\"kHtcsd\"><span role=\"heading\" aria-level=\"2\">Como comprovar o desvio de fun\u00e7\u00e3o?<\/span><span class=\"pjBG2e\" data-cid=\"60ff5943-0b98-4763-be6a-a16ec6dfc3d9\"><span class=\"UV3uM\">\u00a0<\/span><\/span><\/div>\n<\/div>\n<\/div>\n<\/div>\n<\/li>\n<\/ul>\n<\/div>\n<\/div>\n<\/div>\n<div class=\"WaaZC\">\n<div id=\"tYP7Z--CEpif5OUPvOvtmQ8__62\" class=\"bsmXxe\">\n<div id=\"tYP7Z--CEpif5OUPvOvtmQ8__70\" class=\"bsmXxe\">\n<ul>\n<li>Com testemunhas<\/li>\n<\/ul>\n<\/div>\n<div id=\"tYP7Z--CEpif5OUPvOvtmQ8__75\" class=\"bsmXxe\">\n<ul>\n<li>Com documentos internos<\/li>\n<\/ul>\n<\/div>\n<div id=\"tYP7Z--CEpif5OUPvOvtmQ8__77\" class=\"bsmXxe\">\n<ul>\n<li>Com e-mails<\/li>\n<\/ul>\n<\/div>\n<div id=\"tYP7Z--CEpif5OUPvOvtmQ8__79\" class=\"bsmXxe\">\n<ul>\n<li>Com a descri\u00e7\u00e3o oficial do cargo<\/li>\n<\/ul>\n<\/div>\n<div id=\"tYP7Z--CEpif5OUPvOvtmQ8__81\" class=\"bsmXxe\">\n<ul>\n<li>Demonstrando que as tarefas realizadas s\u00e3o pr\u00f3prias de uma fun\u00e7\u00e3o diferente ou superior \u00e0quela para a qual foi contratado<\/li>\n<\/ul>\n<p>Atualmente os maiores causadores de desvios de fun\u00e7\u00e3o s\u00e3o os condom\u00ednios, sejam residenciais ou comerciais, que adotam as pr\u00e1ticas de colocarem funcion\u00e1rios que s\u00e3o contratados para servi\u00e7os gerais (limpeza) e at\u00e9 mesmo vigil\u00e2ncia, para exerceram as fun\u00e7\u00f5es dos agentes de portaria enquanto esses est\u00e3o em seu hor\u00e1rio de descanso. J\u00e1 se tem condena\u00e7\u00f5es que chegam ao patamar de R$: 180 mil reais.<\/p>\n<p>Caso, o trabalhador esteja sendo v\u00edtima de \u201cdesvio de fun\u00e7\u00e3o\u201d, deve coletar as provas, denunciar o caso ao MPT (Minist\u00e9rio P\u00fablico do Trabalho) e contratar um advogado para demandar judicialmente e ter seu direito preservado.<\/p>\n<p>&nbsp;<\/p>\n<\/div>\n<\/div>\n<\/div>\n","protected":false},"excerpt":{"rendered":"<p>Atualmente vemos in\u00fameros contratantes \u201cfor\u00e7arem\u201d seus funcion\u00e1rios a exercerem atividades diversas das que foram contratados; e a pergunta que paira no ar \u00e9: \u201cO desvio de fun\u00e7\u00e3o pode ser considerado crime?\u201d Nao, o desvio de fun\u00e7\u00e3o n\u00e3o \u00e9 um crime no sentido penal, por\u00e9m \u00e9 considerado uma infra\u00e7\u00e3o trabalhista grave. O que \u00e9 desvio de [&hellip;]<\/p>\n","protected":false},"author":2,"featured_media":4045,"comment_status":"open","ping_status":"open","sticky":false,"template":"","format":"standard","meta":{"footnotes":""},"categories":[14,13,10],"tags":[],"_links":{"self":[{"href":"https:\/\/revistabahianow.com.br\/index.php?rest_route=\/wp\/v2\/posts\/4044"}],"collection":[{"href":"https:\/\/revistabahianow.com.br\/index.php?rest_route=\/wp\/v2\/posts"}],"about":[{"href":"https:\/\/revistabahianow.com.br\/index.php?rest_route=\/wp\/v2\/types\/post"}],"author":[{"embeddable":true,"href":"https:\/\/revistabahianow.com.br\/index.php?rest_route=\/wp\/v2\/users\/2"}],"replies":[{"embeddable":true,"href":"https:\/\/revistabahianow.com.br\/index.php?rest_route=%2Fwp%2Fv2%2Fcomments&post=4044"}],"version-history":[{"count":1,"href":"https:\/\/revistabahianow.com.br\/index.php?rest_route=\/wp\/v2\/posts\/4044\/revisions"}],"predecessor-version":[{"id":4046,"href":"https:\/\/revistabahianow.com.br\/index.php?rest_route=\/wp\/v2\/posts\/4044\/revisions\/4046"}],"wp:featuredmedia":[{"embeddable":true,"href":"https:\/\/revistabahianow.com.br\/index.php?rest_route=\/wp\/v2\/media\/4045"}],"wp:attachment":[{"href":"https:\/\/revistabahianow.com.br\/index.php?rest_route=%2Fwp%2Fv2%2Fmedia&parent=4044"}],"wp:term":[{"taxonomy":"category","embeddable":true,"href":"https:\/\/revistabahianow.com.br\/index.php?rest_route=%2Fwp%2Fv2%2Fcategories&post=4044"},{"taxonomy":"post_tag","embeddable":true,"href":"https:\/\/revistabahianow.com.br\/index.php?rest_route=%2Fwp%2Fv2%2Ftags&post=4044"}],"curies":[{"name":"wp","href":"https:\/\/api.w.org\/{rel}","templated":true}]}}