{"id":3931,"date":"2025-01-04T07:21:56","date_gmt":"2025-01-04T10:21:56","guid":{"rendered":"https:\/\/revistabahianow.com.br\/?p=3931"},"modified":"2025-01-04T07:24:21","modified_gmt":"2025-01-04T10:24:21","slug":"aviao-da-pf-aterrissa-em-salvador-na-madrugada-desse-sabado","status":"publish","type":"post","link":"https:\/\/revistabahianow.com.br\/?p=3931","title":{"rendered":"Avi\u00e3o da PF aterrissa em Salvador na madrugada desse s\u00e1bado"},"content":{"rendered":"<p>O pouso de um avi\u00e3o da pol\u00edcia federal (PF) na base a\u00e9rea da capital baiana, logo no in\u00edcio da manh\u00e3 desse s\u00e1bado causou surpresa e agita\u00e7\u00e3o, segundo uma fonte.<\/p>\n<p>Sempre que esse tipo de aeronave pousa, causa alvoro\u00e7o, principalmente no meio pol\u00edtico e empresarial, pois d\u00e1 a entender que pode ser que venha a ser deflagrada alguma opera\u00e7\u00e3o.<\/p>\n<p>Ser\u00e1 se esse pouso foi para reabastecimento ou realmente para levar alguns \u201cdanadinhos\u201d para algum Pres\u00eddio Federal?<\/p>\n<p>Vamos aguardar !<\/p>\n","protected":false},"excerpt":{"rendered":"<p>O pouso de um avi\u00e3o da pol\u00edcia federal (PF) na base a\u00e9rea da capital baiana, logo no in\u00edcio da manh\u00e3 desse s\u00e1bado causou surpresa e agita\u00e7\u00e3o, segundo uma fonte. Sempre que esse tipo de aeronave pousa, causa alvoro\u00e7o, principalmente no meio pol\u00edtico e empresarial, pois d\u00e1 a entender que pode ser que venha a ser [&hellip;]<\/p>\n","protected":false},"author":2,"featured_media":3932,"comment_status":"open","ping_status":"open","sticky":false,"template":"","format":"standard","meta":{"footnotes":""},"categories":[14,13,20],"tags":[],"_links":{"self":[{"href":"https:\/\/revistabahianow.com.br\/index.php?rest_route=\/wp\/v2\/posts\/3931"}],"collection":[{"href":"https:\/\/revistabahianow.com.br\/index.php?rest_route=\/wp\/v2\/posts"}],"about":[{"href":"https:\/\/revistabahianow.com.br\/index.php?rest_route=\/wp\/v2\/types\/post"}],"author":[{"embeddable":true,"href":"https:\/\/revistabahianow.com.br\/index.php?rest_route=\/wp\/v2\/users\/2"}],"replies":[{"embeddable":true,"href":"https:\/\/revistabahianow.com.br\/index.php?rest_route=%2Fwp%2Fv2%2Fcomments&post=3931"}],"version-history":[{"count":3,"href":"https:\/\/revistabahianow.com.br\/index.php?rest_route=\/wp\/v2\/posts\/3931\/revisions"}],"predecessor-version":[{"id":3935,"href":"https:\/\/revistabahianow.com.br\/index.php?rest_route=\/wp\/v2\/posts\/3931\/revisions\/3935"}],"wp:featuredmedia":[{"embeddable":true,"href":"https:\/\/revistabahianow.com.br\/index.php?rest_route=\/wp\/v2\/media\/3932"}],"wp:attachment":[{"href":"https:\/\/revistabahianow.com.br\/index.php?rest_route=%2Fwp%2Fv2%2Fmedia&parent=3931"}],"wp:term":[{"taxonomy":"category","embeddable":true,"href":"https:\/\/revistabahianow.com.br\/index.php?rest_route=%2Fwp%2Fv2%2Fcategories&post=3931"},{"taxonomy":"post_tag","embeddable":true,"href":"https:\/\/revistabahianow.com.br\/index.php?rest_route=%2Fwp%2Fv2%2Ftags&post=3931"}],"curies":[{"name":"wp","href":"https:\/\/api.w.org\/{rel}","templated":true}]}}