{"id":3928,"date":"2025-01-03T20:02:35","date_gmt":"2025-01-03T23:02:35","guid":{"rendered":"https:\/\/revistabahianow.com.br\/?p=3928"},"modified":"2025-01-03T20:02:35","modified_gmt":"2025-01-03T23:02:35","slug":"bomba-moema-pt-nao-pagou-r-43-milhoes-da-folha-dos-servidores-mas-deu-indenizacao-milionaria-a-aliados-politicos-denuncia-debora-regis","status":"publish","type":"post","link":"https:\/\/revistabahianow.com.br\/?p=3928","title":{"rendered":"BOMBA ! \u201cMoema (PT) n\u00e3o pagou R$: 43 milh\u00f5es da folha dos servidores, mas deu indeniza\u00e7\u00e3o milion\u00e1ria a aliados pol\u00edticos\u201d, denuncia D\u00e9bora Regis"},"content":{"rendered":"<p>A prefeita de Lauro de Freitas, D\u00e9bora Regis (Uni\u00e3o Brasil), denunciou nesta sexta-feira (3) uma \u201cgrave irregularidade\u201d deixada pela administra\u00e7\u00e3o Moema Gramacho (PT), que terminou na \u00faltima ter\u00e7a-feira (31). Segundo a atual gestora do munic\u00edpio, a petista encerrou o mandato sem quitar a folha salarial dos servidores municipais de dezembro, mas autorizou pagamentos milion\u00e1rios de indeniza\u00e7\u00f5es e rescis\u00f5es a aliados e apadrinhados pol\u00edticos.<\/p>\n<p>De acordo com D\u00e9bora, o valor total da folha de servidores, que supera a casa dos R$ 43 milh\u00f5es, n\u00e3o foi sequer empenhado, liquidado ou registrado em restos a pagar, deixando os trabalhadores sem previs\u00e3o de receber os seus vencimentos. Desse total, quase R$ 10 milh\u00f5es s\u00e3o dos trabalhadores da sa\u00fade. Enquanto isso, a ex-prefeita autorizou o pagamento de mais de R$ 1,5 milh\u00e3o em rescis\u00f5es e indeniza\u00e7\u00f5es para 72 pessoas, todas, segundo D\u00e9bora, identificadas como aliados pol\u00edticos de sua gest\u00e3o.<\/p>\n<p>A atual prefeita n\u00e3o poupou cr\u00edticas \u00e0 postura de Moema Gramacho, classificando a situa\u00e7\u00e3o como um ato de irresponsabilidade e desrespeito com os servidores e com a popula\u00e7\u00e3o. \u201c\u00c9 inadmiss\u00edvel que uma gest\u00e3o deixe a folha de pagamento em aberto, sem qualquer previs\u00e3o or\u00e7ament\u00e1ria, prejudicando centenas de trabalhadores que dependem desse recurso para sustentar suas fam\u00edlias, enquanto prioriza o pagamento de indeniza\u00e7\u00e3o a aliados pol\u00edticos. Isso \u00e9 um descalabro administrativo e ser\u00e1 tratado com todo o rigor que a situa\u00e7\u00e3o exige\u201d, afirmou D\u00e9bora.<\/p>\n<p>A prefeita informou que ir\u00e1 levar o caso aos \u00f3rg\u00e3os de controle para que a situa\u00e7\u00e3o seja investigada e os respons\u00e1veis devidamente responsabilizados. \u201cO que aconteceu em Lauro de Freitas \u00e9 inaceit\u00e1vel. N\u00e3o permitiremos que atos de m\u00e1 gest\u00e3o e favorecimento pol\u00edtico passem impunes. Nossa administra\u00e7\u00e3o ser\u00e1 pautada pela transpar\u00eancia, pela justi\u00e7a e pelo compromisso com o bem-estar da nossa popula\u00e7\u00e3o, al\u00e9m da valoriza\u00e7\u00e3o dos servidores p\u00fablicos\u201d, declarou a prefeita.<\/p>\n<p>De acordo com a prefeita D\u00e9bora, a nova gest\u00e3o enfrenta uma s\u00e9rie de desafios financeiros e administrativos herdados da administra\u00e7\u00e3o anterior, incluindo d\u00edvidas milion\u00e1rias, servi\u00e7os p\u00fablicos sucateados e agora essa den\u00fancia envolvendo a folha de pagamento. Ela reafirmou seu compromisso em reorganizar o munic\u00edpio e adotar medidas emergenciais para garantir o pagamento dos servidores e a continuidade dos servi\u00e7os essenciais.<\/p>\n<p>\u201cO que estamos encontrando neste in\u00edcio de gest\u00e3o \u00e9 um completo descalabro administrativo. Ontem n\u00f3s j\u00e1 denunciamos que Moema deixou uma d\u00edvida de R$ 2,5 milh\u00f5es com a Coelba, o que coloca em risco o fornecimento de energia aos \u00f3rg\u00e3os p\u00fablicos municipais. Agora, essa situa\u00e7\u00e3o da falta de pagamento aos servidores. Esse tipo de irresponsabilidade com o dinheiro p\u00fablico precisa ser devidamente investigado e punido pela Justi\u00e7a\u201d, salientou.<\/p>\n<p>fonte: mat\u00e9ria pol\u00edtica livre<\/p>\n","protected":false},"excerpt":{"rendered":"<p>A prefeita de Lauro de Freitas, D\u00e9bora Regis (Uni\u00e3o Brasil), denunciou nesta sexta-feira (3) uma \u201cgrave irregularidade\u201d deixada pela administra\u00e7\u00e3o Moema Gramacho (PT), que terminou na \u00faltima ter\u00e7a-feira (31). Segundo a atual gestora do munic\u00edpio, a petista encerrou o mandato sem quitar a folha salarial dos servidores municipais de dezembro, mas autorizou pagamentos milion\u00e1rios de [&hellip;]<\/p>\n","protected":false},"author":2,"featured_media":3929,"comment_status":"open","ping_status":"open","sticky":false,"template":"","format":"standard","meta":{"footnotes":""},"categories":[14,13,20],"tags":[],"_links":{"self":[{"href":"https:\/\/revistabahianow.com.br\/index.php?rest_route=\/wp\/v2\/posts\/3928"}],"collection":[{"href":"https:\/\/revistabahianow.com.br\/index.php?rest_route=\/wp\/v2\/posts"}],"about":[{"href":"https:\/\/revistabahianow.com.br\/index.php?rest_route=\/wp\/v2\/types\/post"}],"author":[{"embeddable":true,"href":"https:\/\/revistabahianow.com.br\/index.php?rest_route=\/wp\/v2\/users\/2"}],"replies":[{"embeddable":true,"href":"https:\/\/revistabahianow.com.br\/index.php?rest_route=%2Fwp%2Fv2%2Fcomments&post=3928"}],"version-history":[{"count":1,"href":"https:\/\/revistabahianow.com.br\/index.php?rest_route=\/wp\/v2\/posts\/3928\/revisions"}],"predecessor-version":[{"id":3930,"href":"https:\/\/revistabahianow.com.br\/index.php?rest_route=\/wp\/v2\/posts\/3928\/revisions\/3930"}],"wp:featuredmedia":[{"embeddable":true,"href":"https:\/\/revistabahianow.com.br\/index.php?rest_route=\/wp\/v2\/media\/3929"}],"wp:attachment":[{"href":"https:\/\/revistabahianow.com.br\/index.php?rest_route=%2Fwp%2Fv2%2Fmedia&parent=3928"}],"wp:term":[{"taxonomy":"category","embeddable":true,"href":"https:\/\/revistabahianow.com.br\/index.php?rest_route=%2Fwp%2Fv2%2Fcategories&post=3928"},{"taxonomy":"post_tag","embeddable":true,"href":"https:\/\/revistabahianow.com.br\/index.php?rest_route=%2Fwp%2Fv2%2Ftags&post=3928"}],"curies":[{"name":"wp","href":"https:\/\/api.w.org\/{rel}","templated":true}]}}