{"id":3227,"date":"2023-03-20T22:25:55","date_gmt":"2023-03-21T01:25:55","guid":{"rendered":"https:\/\/revistabahianow.com.br\/?p=3227"},"modified":"2023-03-20T22:25:55","modified_gmt":"2023-03-21T01:25:55","slug":"lava-jato-pf-acaba-de-prender-doleiro-saiba-quem","status":"publish","type":"post","link":"https:\/\/revistabahianow.com.br\/?p=3227","title":{"rendered":"LAVA JATO: PF acaba de prender doleiro. Saiba quem"},"content":{"rendered":"<p>A Pol\u00edcia Federal prendeu nesta segunda-feira (20) o doleiro Alberto Youssef, um dos piv\u00f4s da opera\u00e7\u00e3o Lava Jato. A nova pris\u00e3o foi ordenada pelo juiz Eduardo Fernando Appio, que assumiu a 13\u00aa Vara Federal em Curitiba, e segundo o despacho, tem como base uma representa\u00e7\u00e3o para fins penais da Receita Federal. As informa\u00e7\u00f5es s\u00e3o do jornal Folha de S. Paulo.<\/p>\n<p>O doleiro, apontado como operador do Progressistas (PP) na Petrobras, assinou um acordo de colabora\u00e7\u00e3o premiada logo no in\u00edcio da opera\u00e7\u00e3o e exp\u00f4s como funcionava o esquema de corrup\u00e7\u00e3o na estatal.<\/p>\n<p>Youssef foi preso na primeira fase da Lava Jato, em mar\u00e7o de 2014, e condenado pelo ent\u00e3o juiz Sergio Moro na Lava Jato em penas que somam mais de 120 anos de pris\u00e3o. Por\u00e9m, deixou o regime fechado em 2016, gra\u00e7as ao acordo de dela\u00e7\u00e3o.<\/p>\n","protected":false},"excerpt":{"rendered":"<p>A Pol\u00edcia Federal prendeu nesta segunda-feira (20) o doleiro Alberto Youssef, um dos piv\u00f4s da opera\u00e7\u00e3o Lava Jato. A nova pris\u00e3o foi ordenada pelo juiz Eduardo Fernando Appio, que assumiu a 13\u00aa Vara Federal em Curitiba, e segundo o despacho, tem como base uma representa\u00e7\u00e3o para fins penais da Receita Federal. As informa\u00e7\u00f5es s\u00e3o do [&hellip;]<\/p>\n","protected":false},"author":2,"featured_media":3228,"comment_status":"open","ping_status":"open","sticky":false,"template":"","format":"standard","meta":{"footnotes":""},"categories":[13,20],"tags":[],"_links":{"self":[{"href":"https:\/\/revistabahianow.com.br\/index.php?rest_route=\/wp\/v2\/posts\/3227"}],"collection":[{"href":"https:\/\/revistabahianow.com.br\/index.php?rest_route=\/wp\/v2\/posts"}],"about":[{"href":"https:\/\/revistabahianow.com.br\/index.php?rest_route=\/wp\/v2\/types\/post"}],"author":[{"embeddable":true,"href":"https:\/\/revistabahianow.com.br\/index.php?rest_route=\/wp\/v2\/users\/2"}],"replies":[{"embeddable":true,"href":"https:\/\/revistabahianow.com.br\/index.php?rest_route=%2Fwp%2Fv2%2Fcomments&post=3227"}],"version-history":[{"count":1,"href":"https:\/\/revistabahianow.com.br\/index.php?rest_route=\/wp\/v2\/posts\/3227\/revisions"}],"predecessor-version":[{"id":3229,"href":"https:\/\/revistabahianow.com.br\/index.php?rest_route=\/wp\/v2\/posts\/3227\/revisions\/3229"}],"wp:featuredmedia":[{"embeddable":true,"href":"https:\/\/revistabahianow.com.br\/index.php?rest_route=\/wp\/v2\/media\/3228"}],"wp:attachment":[{"href":"https:\/\/revistabahianow.com.br\/index.php?rest_route=%2Fwp%2Fv2%2Fmedia&parent=3227"}],"wp:term":[{"taxonomy":"category","embeddable":true,"href":"https:\/\/revistabahianow.com.br\/index.php?rest_route=%2Fwp%2Fv2%2Fcategories&post=3227"},{"taxonomy":"post_tag","embeddable":true,"href":"https:\/\/revistabahianow.com.br\/index.php?rest_route=%2Fwp%2Fv2%2Ftags&post=3227"}],"curies":[{"name":"wp","href":"https:\/\/api.w.org\/{rel}","templated":true}]}}