{"id":3224,"date":"2023-03-20T22:14:55","date_gmt":"2023-03-21T01:14:55","guid":{"rendered":"https:\/\/revistabahianow.com.br\/?p=3224"},"modified":"2023-03-20T22:14:55","modified_gmt":"2023-03-21T01:14:55","slug":"americanas-entrega-plano-de-recuperacao-judicial-e-tranquiliza-mercado-e-credores","status":"publish","type":"post","link":"https:\/\/revistabahianow.com.br\/?p=3224","title":{"rendered":"Americanas entrega plano de recupera\u00e7\u00e3o judicial e tranquiliza mercado e credores"},"content":{"rendered":"<p>Em um documento, com 36 p\u00e1ginas, a Americanas entregou o seu plano de recupera\u00e7\u00e3o judicial a 4\u00aa Vara Empresarial do Rio de Janeiro. A informa\u00e7\u00e3o \u00e9 da coluna de Lauro Jardim, em O Globo. Essa proposta tem que ser aprovado por uma assembleia de credores, cuja data ainda n\u00e3o foi marcada.<\/p>\n<p>Segundo o colunista, a empresa prop\u00f4s um aporte de R$ 10 bilh\u00f5es, a ser feito pelos acionistas Jorge Paulo Lemann, Marcel Telles e Beto Sicupira; bem como\u00a0ainda a venda de uma s\u00e9rie de ativos da Americanas, como o Hortifruti\/Natural da Terra, o jato da companhia, o grupo Uni.Co (Puket, Imaginarium e Love Brands), e a participa\u00e7\u00e3o na Vem Conveni\u00eancia, joint venture com a Vibra (ex-BR Distribuidora).<\/p>\n<p>O plano tamb\u00e9m prev\u00ea a convers\u00e3o da d\u00edvida em a\u00e7\u00f5es at\u00e9 o limite de R$ 10 bilh\u00f5es e a possibilidade de um leil\u00e3o reverso at\u00e9 o limite de R$ 2,5 bilh\u00f5es. A equipe de advogados tamb\u00e9m se coloca \u00e0 disposi\u00e7\u00e3o da Justi\u00e7a para \u201capresentar aditamentos, altera\u00e7\u00f5es ou modifica\u00e7\u00f5es ao plano a qualquer tempo ap\u00f3s a data de homologa\u00e7\u00e3o, desde que tais aditamentos, altera\u00e7\u00f5es ou modifica\u00e7\u00f5es sejam aceitos e aprovados pelos credores concursais&#8221;.<\/p>\n","protected":false},"excerpt":{"rendered":"<p>Em um documento, com 36 p\u00e1ginas, a Americanas entregou o seu plano de recupera\u00e7\u00e3o judicial a 4\u00aa Vara Empresarial do Rio de Janeiro. A informa\u00e7\u00e3o \u00e9 da coluna de Lauro Jardim, em O Globo. Essa proposta tem que ser aprovado por uma assembleia de credores, cuja data ainda n\u00e3o foi marcada. Segundo o colunista, a [&hellip;]<\/p>\n","protected":false},"author":2,"featured_media":3225,"comment_status":"open","ping_status":"open","sticky":false,"template":"","format":"standard","meta":{"footnotes":""},"categories":[13,11],"tags":[],"_links":{"self":[{"href":"https:\/\/revistabahianow.com.br\/index.php?rest_route=\/wp\/v2\/posts\/3224"}],"collection":[{"href":"https:\/\/revistabahianow.com.br\/index.php?rest_route=\/wp\/v2\/posts"}],"about":[{"href":"https:\/\/revistabahianow.com.br\/index.php?rest_route=\/wp\/v2\/types\/post"}],"author":[{"embeddable":true,"href":"https:\/\/revistabahianow.com.br\/index.php?rest_route=\/wp\/v2\/users\/2"}],"replies":[{"embeddable":true,"href":"https:\/\/revistabahianow.com.br\/index.php?rest_route=%2Fwp%2Fv2%2Fcomments&post=3224"}],"version-history":[{"count":1,"href":"https:\/\/revistabahianow.com.br\/index.php?rest_route=\/wp\/v2\/posts\/3224\/revisions"}],"predecessor-version":[{"id":3226,"href":"https:\/\/revistabahianow.com.br\/index.php?rest_route=\/wp\/v2\/posts\/3224\/revisions\/3226"}],"wp:featuredmedia":[{"embeddable":true,"href":"https:\/\/revistabahianow.com.br\/index.php?rest_route=\/wp\/v2\/media\/3225"}],"wp:attachment":[{"href":"https:\/\/revistabahianow.com.br\/index.php?rest_route=%2Fwp%2Fv2%2Fmedia&parent=3224"}],"wp:term":[{"taxonomy":"category","embeddable":true,"href":"https:\/\/revistabahianow.com.br\/index.php?rest_route=%2Fwp%2Fv2%2Fcategories&post=3224"},{"taxonomy":"post_tag","embeddable":true,"href":"https:\/\/revistabahianow.com.br\/index.php?rest_route=%2Fwp%2Fv2%2Ftags&post=3224"}],"curies":[{"name":"wp","href":"https:\/\/api.w.org\/{rel}","templated":true}]}}